{"id":1277,"date":"2025-06-19T12:28:12","date_gmt":"2025-06-19T10:28:12","guid":{"rendered":"https:\/\/collectif-metis.org\/?p=1277"},"modified":"2025-06-19T12:41:37","modified_gmt":"2025-06-19T10:41:37","slug":"connaissances-paysannes-regeneration-des-sols-et-bio-indication-par-les-plantes-26-mai-2025-barie","status":"publish","type":"post","link":"https:\/\/collectif-metis.org\/index.php\/2025\/06\/19\/connaissances-paysannes-regeneration-des-sols-et-bio-indication-par-les-plantes-26-mai-2025-barie\/","title":{"rendered":"Connaissances paysannes, r\u00e9g\u00e9n\u00e9ration des sols et bio-indication par les plantes"},"content":{"rendered":"\n<p>Compte rendu de la journ\u00e9e technique du 26  mai sur les plantes bio-indicatrices et la r\u00e9g\u00e9n\u00e9ration des sols autour de la restitution d\u2019une \u00e9tude de 3 mois men\u00e9e sur un panel local de fermes bio (culture principale bl\u00e9s paysans), avec Lou Peter, \u00e9tudiant dans le master \u00ab\u00a0Biodiversit\u00e9, \u00c9cologie et \u00c9volution\u00a0\u00bb du Mus\u00e9um National d\u2019Histoire Naturelle (MNHN).<\/p>\n\n\n\n<ul class=\"wp-block-list\">\n<li>Pr\u00e9sentation de la m\u00e9thodologie de bio-indication employ\u00e9e, synth\u00e8se des diagnostics effectu\u00e9s (probl\u00e9matiques rencontr\u00e9es, principaux cort\u00e8ges bio-indicateurs\u2026) et mise en discussion de ces donn\u00e9es avec les paysannes et paysans.<\/li>\n\n\n\n<li>Connaissances et pratiques paysannes autour des sols et de la fertilit\u00e9&nbsp;: apport de l\u2019ethnographie. Co-construction de pistes de travail autour de diverses pratiques agro\u00e9cologiques r\u00e9g\u00e9n\u00e9ratrices.<\/li>\n<\/ul>\n\n\n\n<div data-wp-interactive=\"core\/file\" class=\"wp-block-file\"><object data-wp-bind--hidden=\"!state.hasPdfPreview\" hidden class=\"wp-block-file__embed\" data=\"https:\/\/collectif-metis.org\/wp-content\/uploads\/2025\/06\/CR-journee-technique-plantes-bio-indicatrices_26-mai-2025-2.pdf\" type=\"application\/pdf\" style=\"width:100%;height:600px\" aria-label=\"Contenu embarqu\u00e9 CR journ\u00e9e technique plantes bio-indicatrices_26 mai 2025.\"><\/object><a id=\"wp-block-file--media-fde36115-07ed-40eb-9429-9d87dace1ac8\" href=\"https:\/\/collectif-metis.org\/wp-content\/uploads\/2025\/06\/CR-journee-technique-plantes-bio-indicatrices_26-mai-2025-2.pdf\" target=\"_blank\" rel=\"noreferrer noopener\">CR journ\u00e9e technique plantes bio-indicatrices_26 mai 2025<\/a><\/div>\n\n\n\n<p><\/p>\n\n\n\n<p><em>Journ\u00e9e r\u00e9alis\u00e9e dans le cadre du programme \u00ab\u00a0N\u00e9oSEM \u2013 Restaurer et d\u00e9velopper la biodiversit\u00e9 cultiv\u00e9e dans les changements de pratiques agricoles 2024-2025\u00a0\u00bb financ\u00e9 par le FEADER<\/em><\/p>\n\n\n\n<figure class=\"wp-block-image size-large is-resized\"><img loading=\"lazy\" decoding=\"async\" width=\"1024\" height=\"304\" src=\"https:\/\/collectif-metis.org\/wp-content\/uploads\/2025\/03\/FEADER_cofi-1024x304.jpg\" alt=\"\" class=\"wp-image-1113\" style=\"width:398px;height:auto\" srcset=\"https:\/\/collectif-metis.org\/wp-content\/uploads\/2025\/03\/FEADER_cofi-1024x304.jpg 1024w, https:\/\/collectif-metis.org\/wp-content\/uploads\/2025\/03\/FEADER_cofi-300x89.jpg 300w, https:\/\/collectif-metis.org\/wp-content\/uploads\/2025\/03\/FEADER_cofi-768x228.jpg 768w, https:\/\/collectif-metis.org\/wp-content\/uploads\/2025\/03\/FEADER_cofi.jpg 1393w\" sizes=\"auto, (max-width: 1024px) 100vw, 1024px\" \/><\/figure>\n","protected":false},"excerpt":{"rendered":"<p>Compte rendu de la journ\u00e9e technique du 26 mai sur les plantes bio-indicatrices et la r\u00e9g\u00e9n\u00e9ration des sols autour de la restitution d\u2019une \u00e9tude de 3 mois men\u00e9e sur un panel local de fermes bio (culture principale bl\u00e9s paysans), avec Lou Peter, \u00e9tudiant dans le master \u00ab\u00a0Biodiversit\u00e9, \u00c9cologie et \u00c9volution\u00a0\u00bb [&hellip;]<\/p>\n","protected":false},"author":1,"featured_media":1207,"comment_status":"open","ping_status":"open","sticky":false,"template":"","format":"standard","meta":{"footnotes":""},"categories":[14],"tags":[23,17,7,22,6],"class_list":["post-1277","post","type-post","status-publish","format-standard","has-post-thumbnail","hentry","category-technique","tag-agroecologie-paysanne","tag-autonomie","tag-biodiversite-cultivee","tag-plantes-bioindicatrices","tag-semences-paysannes"],"_links":{"self":[{"href":"https:\/\/collectif-metis.org\/index.php\/wp-json\/wp\/v2\/posts\/1277","targetHints":{"allow":["GET"]}}],"collection":[{"href":"https:\/\/collectif-metis.org\/index.php\/wp-json\/wp\/v2\/posts"}],"about":[{"href":"https:\/\/collectif-metis.org\/index.php\/wp-json\/wp\/v2\/types\/post"}],"author":[{"embeddable":true,"href":"https:\/\/collectif-metis.org\/index.php\/wp-json\/wp\/v2\/users\/1"}],"replies":[{"embeddable":true,"href":"https:\/\/collectif-metis.org\/index.php\/wp-json\/wp\/v2\/comments?post=1277"}],"version-history":[{"count":3,"href":"https:\/\/collectif-metis.org\/index.php\/wp-json\/wp\/v2\/posts\/1277\/revisions"}],"predecessor-version":[{"id":1284,"href":"https:\/\/collectif-metis.org\/index.php\/wp-json\/wp\/v2\/posts\/1277\/revisions\/1284"}],"wp:featuredmedia":[{"embeddable":true,"href":"https:\/\/collectif-metis.org\/index.php\/wp-json\/wp\/v2\/media\/1207"}],"wp:attachment":[{"href":"https:\/\/collectif-metis.org\/index.php\/wp-json\/wp\/v2\/media?parent=1277"}],"wp:term":[{"taxonomy":"category","embeddable":true,"href":"https:\/\/collectif-metis.org\/index.php\/wp-json\/wp\/v2\/categories?post=1277"},{"taxonomy":"post_tag","embeddable":true,"href":"https:\/\/collectif-metis.org\/index.php\/wp-json\/wp\/v2\/tags?post=1277"}],"curies":[{"name":"wp","href":"https:\/\/api.w.org\/{rel}","templated":true}]}}