{"id":1653,"date":"2025-12-29T19:52:06","date_gmt":"2025-12-29T18:52:06","guid":{"rendered":"https:\/\/collectif-metis.org\/?p=1653"},"modified":"2026-04-29T11:52:46","modified_gmt":"2026-04-29T09:52:46","slug":"lexperimentation-comme-espace-de-formation-et-de-recherche","status":"publish","type":"post","link":"https:\/\/collectif-metis.org\/index.php\/2025\/12\/29\/lexperimentation-comme-espace-de-formation-et-de-recherche\/","title":{"rendered":"L&rsquo;exp\u00e9rimentation comme espace de formation et de recherche"},"content":{"rendered":"\n<p>Article publi\u00e9 dans <a href=\"https:\/\/collectif-metis.org\/index.php\/2025\/12\/29\/le-bulletin-de-la-biodiversite-cultivee-en-nouvelle-aquitaine-n23-decembre-2025\/\" data-type=\"post\" data-id=\"1618\">le bulletin de la biodiversit\u00e9 cultiv\u00e9e en Nouvelle Aquitaine, n\u00b023, d\u00e9cembre 2025<\/a><\/p>\n\n\n\n<div data-wp-interactive=\"core\/file\" class=\"wp-block-file\"><object data-wp-bind--hidden=\"!state.hasPdfPreview\" hidden class=\"wp-block-file__embed\" data=\"https:\/\/collectif-metis.org\/wp-content\/uploads\/2026\/04\/article_l_experimentation_comme_espace_de_formation_et_de_recherche.pdf\" type=\"application\/pdf\" style=\"width:100%;height:600px\" aria-label=\"Contenu embarqu\u00e9 article_l_experimentation_comme_espace_de_formation_et_de_recherche.\"><\/object><a id=\"wp-block-file--media-35b57577-590e-4f93-9133-e1b1d6c3053e\" href=\"https:\/\/collectif-metis.org\/wp-content\/uploads\/2026\/04\/article_l_experimentation_comme_espace_de_formation_et_de_recherche.pdf\">article_l_experimentation_comme_espace_de_formation_et_de_recherche<\/a><a href=\"https:\/\/collectif-metis.org\/wp-content\/uploads\/2026\/04\/article_l_experimentation_comme_espace_de_formation_et_de_recherche.pdf\" class=\"wp-block-file__button wp-element-button\" download aria-describedby=\"wp-block-file--media-35b57577-590e-4f93-9133-e1b1d6c3053e\">T\u00e9l\u00e9charger<\/a><\/div>\n","protected":false},"excerpt":{"rendered":"<p>Article publi\u00e9 dans le bulletin de la biodiversit\u00e9 cultiv\u00e9e en Nouvelle Aquitaine, n\u00b023, d\u00e9cembre 2025<\/p>\n","protected":false},"author":1,"featured_media":0,"comment_status":"open","ping_status":"open","sticky":false,"template":"","format":"standard","meta":{"footnotes":""},"categories":[14],"tags":[],"class_list":["post-1653","post","type-post","status-publish","format-standard","hentry","category-technique"],"_links":{"self":[{"href":"https:\/\/collectif-metis.org\/index.php\/wp-json\/wp\/v2\/posts\/1653","targetHints":{"allow":["GET"]}}],"collection":[{"href":"https:\/\/collectif-metis.org\/index.php\/wp-json\/wp\/v2\/posts"}],"about":[{"href":"https:\/\/collectif-metis.org\/index.php\/wp-json\/wp\/v2\/types\/post"}],"author":[{"embeddable":true,"href":"https:\/\/collectif-metis.org\/index.php\/wp-json\/wp\/v2\/users\/1"}],"replies":[{"embeddable":true,"href":"https:\/\/collectif-metis.org\/index.php\/wp-json\/wp\/v2\/comments?post=1653"}],"version-history":[{"count":1,"href":"https:\/\/collectif-metis.org\/index.php\/wp-json\/wp\/v2\/posts\/1653\/revisions"}],"predecessor-version":[{"id":1655,"href":"https:\/\/collectif-metis.org\/index.php\/wp-json\/wp\/v2\/posts\/1653\/revisions\/1655"}],"wp:attachment":[{"href":"https:\/\/collectif-metis.org\/index.php\/wp-json\/wp\/v2\/media?parent=1653"}],"wp:term":[{"taxonomy":"category","embeddable":true,"href":"https:\/\/collectif-metis.org\/index.php\/wp-json\/wp\/v2\/categories?post=1653"},{"taxonomy":"post_tag","embeddable":true,"href":"https:\/\/collectif-metis.org\/index.php\/wp-json\/wp\/v2\/tags?post=1653"}],"curies":[{"name":"wp","href":"https:\/\/api.w.org\/{rel}","templated":true}]}}