{"id":1657,"date":"2026-04-29T14:38:49","date_gmt":"2026-04-29T12:38:49","guid":{"rendered":"https:\/\/collectif-metis.org\/?p=1657"},"modified":"2026-04-29T20:18:23","modified_gmt":"2026-04-29T18:18:23","slug":"fete-des-bles-paysans-13-juin-2026-frontenac-gironde","status":"publish","type":"post","link":"https:\/\/collectif-metis.org\/index.php\/2026\/04\/29\/fete-des-bles-paysans-13-juin-2026-frontenac-gironde\/","title":{"rendered":"F\u00eate des bl\u00e9s paysans, 13 juin 2026, Frontenac (Gironde)"},"content":{"rendered":"\n<p>F\u00eate du collectif M\u00e8tis autour de sa collection de bl\u00e9s paysans install\u00e9e cette ann\u00e9e sur la ferme de Nicolas Saillan (<a href=\"https:\/\/www.geoportail.gouv.fr\/embed\/visu.html?c=-0.14788201223373415,44.73835351489964&amp;z=18&amp;l0=OPEN_STREET_MAP::GEOPORTAIL:OGC:WMTS(1)&amp;permalink=yes\" target=\"_blank\" rel=\"noreferrer noopener\">Berthoumieux, Frontenac, Gironde<\/a>). Entr\u00e9e libre \u00e0 partir de 14h00. Programme d\u00e9taill\u00e9 \u00e0 venir :<\/p>\n\n\n\n<ul class=\"wp-block-list\">\n<li>Visite guid\u00e9e du jardin collection de bl\u00e9s paysans: 70 vari\u00e9t\u00e9s qui retracent l&rsquo;histoire des bl\u00e9s de la domestication \u00e0 nos jours (aegilops, froments, amidonniers, petits \u00e9peautres, bl\u00e9s durs, poulards, seigles, avoines).<\/li>\n\n\n\n<li>Balade botanique &lsquo;<em>Ce que les plantes sauvages ont \u00e0 nous dire de l&rsquo;\u00e9tat de nos sols<\/em>&lsquo;<\/li>\n\n\n\n<li>Conf\u00e9rence-d\u00e9bat &lsquo;<em>L&rsquo;industrialisation des campagnes et du bl\u00e9: perspectives historiques<\/em>&lsquo;<\/li>\n\n\n\n<li>Restauration\/buvette locale et bio, d\u00e9gustation de pains aux c\u00e9r\u00e9ales oubli\u00e9es<\/li>\n\n\n\n<li>Concert<\/li>\n<\/ul>\n\n\n\n<p>Contact et informations: collectif_metis@riseup.net<\/p>\n\n\n\n<div style=\"height:55px\" aria-hidden=\"true\" class=\"wp-block-spacer\"><\/div>\n\n\n\n<figure class=\"wp-block-image size-large\"><img loading=\"lazy\" decoding=\"async\" width=\"1024\" height=\"768\" src=\"https:\/\/collectif-metis.org\/wp-content\/uploads\/2026\/04\/Melange-Metis-David-1024x768.jpg\" alt=\"\" class=\"wp-image-1658\" srcset=\"https:\/\/collectif-metis.org\/wp-content\/uploads\/2026\/04\/Melange-Metis-David-1024x768.jpg 1024w, https:\/\/collectif-metis.org\/wp-content\/uploads\/2026\/04\/Melange-Metis-David-300x225.jpg 300w, https:\/\/collectif-metis.org\/wp-content\/uploads\/2026\/04\/Melange-Metis-David-768x576.jpg 768w, https:\/\/collectif-metis.org\/wp-content\/uploads\/2026\/04\/Melange-Metis-David-1536x1152.jpg 1536w, https:\/\/collectif-metis.org\/wp-content\/uploads\/2026\/04\/Melange-Metis-David-2048x1536.jpg 2048w\" sizes=\"auto, (max-width: 1024px) 100vw, 1024px\" \/><\/figure>\n\n\n\n<p><\/p>\n\n\n\n<p><\/p>\n","protected":false},"excerpt":{"rendered":"<p>F\u00eate du collectif M\u00e8tis autour de sa collection de bl\u00e9s paysans install\u00e9e cette ann\u00e9e sur la ferme de Nicolas Saillan (Berthoumieux, Frontenac, Gironde). Entr\u00e9e libre \u00e0 partir de 14h00. Programme d\u00e9taill\u00e9 \u00e0 venir : Contact et informations: collectif_metis@riseup.net<\/p>\n","protected":false},"author":1,"featured_media":1662,"comment_status":"open","ping_status":"open","sticky":false,"template":"","format":"standard","meta":{"footnotes":""},"categories":[32],"tags":[23,7,16,6],"class_list":["post-1657","post","type-post","status-publish","format-standard","has-post-thumbnail","hentry","category-agenda","tag-agroecologie-paysanne","tag-biodiversite-cultivee","tag-bles-paysans","tag-semences-paysannes"],"_links":{"self":[{"href":"https:\/\/collectif-metis.org\/index.php\/wp-json\/wp\/v2\/posts\/1657","targetHints":{"allow":["GET"]}}],"collection":[{"href":"https:\/\/collectif-metis.org\/index.php\/wp-json\/wp\/v2\/posts"}],"about":[{"href":"https:\/\/collectif-metis.org\/index.php\/wp-json\/wp\/v2\/types\/post"}],"author":[{"embeddable":true,"href":"https:\/\/collectif-metis.org\/index.php\/wp-json\/wp\/v2\/users\/1"}],"replies":[{"embeddable":true,"href":"https:\/\/collectif-metis.org\/index.php\/wp-json\/wp\/v2\/comments?post=1657"}],"version-history":[{"count":10,"href":"https:\/\/collectif-metis.org\/index.php\/wp-json\/wp\/v2\/posts\/1657\/revisions"}],"predecessor-version":[{"id":1674,"href":"https:\/\/collectif-metis.org\/index.php\/wp-json\/wp\/v2\/posts\/1657\/revisions\/1674"}],"wp:featuredmedia":[{"embeddable":true,"href":"https:\/\/collectif-metis.org\/index.php\/wp-json\/wp\/v2\/media\/1662"}],"wp:attachment":[{"href":"https:\/\/collectif-metis.org\/index.php\/wp-json\/wp\/v2\/media?parent=1657"}],"wp:term":[{"taxonomy":"category","embeddable":true,"href":"https:\/\/collectif-metis.org\/index.php\/wp-json\/wp\/v2\/categories?post=1657"},{"taxonomy":"post_tag","embeddable":true,"href":"https:\/\/collectif-metis.org\/index.php\/wp-json\/wp\/v2\/tags?post=1657"}],"curies":[{"name":"wp","href":"https:\/\/api.w.org\/{rel}","templated":true}]}}