{"id":1774,"date":"2026-07-10T10:59:00","date_gmt":"2026-07-10T08:59:00","guid":{"rendered":"https:\/\/collectif-metis.org\/?p=1774"},"modified":"2026-09-03T11:37:35","modified_gmt":"2026-09-03T09:37:35","slug":"compte-rendule-croisement-manuel-pour-renouvelerla-diversite-des-bles-paysans-le-7-mai2026-loubens-gironde","status":"publish","type":"post","link":"https:\/\/collectif-metis.org\/index.php\/2026\/07\/10\/compte-rendule-croisement-manuel-pour-renouvelerla-diversite-des-bles-paysans-le-7-mai2026-loubens-gironde\/","title":{"rendered":"Compte rendu \u00ab\u00a0Le croisement manuel pour renouveler la diversit\u00e9 des bl\u00e9s paysans\u00a0\u00bb, le 7 mai 2026, Loubens (Gironde)"},"content":{"rendered":"\n<p class=\"wp-block-paragraph\">Compte rendu de la journ\u00e9e technique du 7 mai 2026 sur le croisement manuel appliqu\u00e9 \u00e0 la s\u00e9lection mutualiste et atelier \u00ab bord de champ \u00bb autour d\u2019un essai de plusieurs vari\u00e9t\u00e9s de bl\u00e9s paysans.<\/p>\n\n\n\n<div data-wp-interactive=\"core\/file\" class=\"wp-block-file\"><object data-wp-bind--hidden=\"!state.hasPdfPreview\" hidden class=\"wp-block-file__embed\" data=\"https:\/\/collectif-metis.org\/wp-content\/uploads\/2026\/09\/CR_croiements_FEADER_2026-1.pdf\" type=\"application\/pdf\" style=\"width:100%;height:600px\" aria-label=\"Contenu embarqu\u00e9 CR_croiements_FEADER_2026.\"><\/object><a id=\"wp-block-file--media-7457f601-c7cb-4af0-ae04-2da33c7fa481\" href=\"https:\/\/collectif-metis.org\/wp-content\/uploads\/2026\/09\/CR_croiements_FEADER_2026-1.pdf\">CR_croiements_FEADER_2026<\/a><a href=\"https:\/\/collectif-metis.org\/wp-content\/uploads\/2026\/09\/CR_croiements_FEADER_2026-1.pdf\" class=\"wp-block-file__button wp-element-button\" download aria-describedby=\"wp-block-file--media-7457f601-c7cb-4af0-ae04-2da33c7fa481\">T\u00e9l\u00e9charger<\/a><\/div>\n\n\n\n<div style=\"height:59px\" aria-hidden=\"true\" class=\"wp-block-spacer\"><\/div>\n\n\n\n<p class=\"wp-block-paragraph\"><em>Journ\u00e9e technique r\u00e9alis\u00e9e dans le cadre des programmes \u00ab\u00a0Expanding Cultivated Biodiversity in southwestern France\u00a0\u00bb soutenu par la fondation Patagonia, et \u00abRobusTerr\u2019 \u00bb cofinanc\u00e9 par le FEADER <\/em><\/p>\n\n\n\n<figure class=\"wp-block-image size-full\"><img loading=\"lazy\" decoding=\"async\" width=\"302\" height=\"167\" src=\"https:\/\/collectif-metis.org\/wp-content\/uploads\/2024\/12\/Patagonia.jpeg\" alt=\"\" class=\"wp-image-833\" srcset=\"https:\/\/collectif-metis.org\/wp-content\/uploads\/2024\/12\/Patagonia.jpeg 302w, https:\/\/collectif-metis.org\/wp-content\/uploads\/2024\/12\/Patagonia-300x166.jpeg 300w\" sizes=\"auto, (max-width: 302px) 100vw, 302px\" \/><\/figure>\n\n\n\n<figure class=\"wp-block-image size-large is-resized\"><img loading=\"lazy\" decoding=\"async\" width=\"1024\" height=\"304\" src=\"https:\/\/collectif-metis.org\/wp-content\/uploads\/2025\/03\/FEADER_cofi-1024x304.jpg\" alt=\"\" class=\"wp-image-1113\" style=\"aspect-ratio:3.368308521765052;width:540px;height:auto\" srcset=\"https:\/\/collectif-metis.org\/wp-content\/uploads\/2025\/03\/FEADER_cofi-1024x304.jpg 1024w, https:\/\/collectif-metis.org\/wp-content\/uploads\/2025\/03\/FEADER_cofi-300x89.jpg 300w, https:\/\/collectif-metis.org\/wp-content\/uploads\/2025\/03\/FEADER_cofi-768x228.jpg 768w, https:\/\/collectif-metis.org\/wp-content\/uploads\/2025\/03\/FEADER_cofi.jpg 1393w\" sizes=\"auto, (max-width: 1024px) 100vw, 1024px\" \/><\/figure>\n","protected":false},"excerpt":{"rendered":"<p>Compte rendu de la journ\u00e9e technique du 7 mai 2026 sur le croisement manuel appliqu\u00e9 \u00e0 la s\u00e9lection mutualiste et atelier \u00ab bord de champ \u00bb autour d\u2019un essai de plusieurs vari\u00e9t\u00e9s de bl\u00e9s paysans. Journ\u00e9e technique r\u00e9alis\u00e9e dans le cadre des programmes \u00ab\u00a0Expanding Cultivated Biodiversity in southwestern France\u00a0\u00bb soutenu [&hellip;]<\/p>\n","protected":false},"author":1,"featured_media":1787,"comment_status":"open","ping_status":"open","sticky":false,"template":"","format":"standard","meta":{"footnotes":""},"categories":[14],"tags":[],"class_list":["post-1774","post","type-post","status-publish","format-standard","has-post-thumbnail","hentry","category-technique"],"_links":{"self":[{"href":"https:\/\/collectif-metis.org\/index.php\/wp-json\/wp\/v2\/posts\/1774","targetHints":{"allow":["GET"]}}],"collection":[{"href":"https:\/\/collectif-metis.org\/index.php\/wp-json\/wp\/v2\/posts"}],"about":[{"href":"https:\/\/collectif-metis.org\/index.php\/wp-json\/wp\/v2\/types\/post"}],"author":[{"embeddable":true,"href":"https:\/\/collectif-metis.org\/index.php\/wp-json\/wp\/v2\/users\/1"}],"replies":[{"embeddable":true,"href":"https:\/\/collectif-metis.org\/index.php\/wp-json\/wp\/v2\/comments?post=1774"}],"version-history":[{"count":5,"href":"https:\/\/collectif-metis.org\/index.php\/wp-json\/wp\/v2\/posts\/1774\/revisions"}],"predecessor-version":[{"id":1790,"href":"https:\/\/collectif-metis.org\/index.php\/wp-json\/wp\/v2\/posts\/1774\/revisions\/1790"}],"wp:featuredmedia":[{"embeddable":true,"href":"https:\/\/collectif-metis.org\/index.php\/wp-json\/wp\/v2\/media\/1787"}],"wp:attachment":[{"href":"https:\/\/collectif-metis.org\/index.php\/wp-json\/wp\/v2\/media?parent=1774"}],"wp:term":[{"taxonomy":"category","embeddable":true,"href":"https:\/\/collectif-metis.org\/index.php\/wp-json\/wp\/v2\/categories?post=1774"},{"taxonomy":"post_tag","embeddable":true,"href":"https:\/\/collectif-metis.org\/index.php\/wp-json\/wp\/v2\/tags?post=1774"}],"curies":[{"name":"wp","href":"https:\/\/api.w.org\/{rel}","templated":true}]}}