{"id":511,"date":"2023-06-11T21:03:23","date_gmt":"2023-06-11T19:03:23","guid":{"rendered":"https:\/\/collectif-metis.org\/?p=511"},"modified":"2024-01-16T11:30:05","modified_gmt":"2024-01-16T10:30:05","slug":"transmettre-les-connaissances-et-savoirs-sur-la-panification-au-levain-avec-des-farines-de-bles-paysans","status":"publish","type":"post","link":"https:\/\/collectif-metis.org\/index.php\/2023\/06\/11\/transmettre-les-connaissances-et-savoirs-sur-la-panification-au-levain-avec-des-farines-de-bles-paysans\/","title":{"rendered":"Transmettre les connaissances et savoirs sur la panification au levain avec des farines de bl\u00e9s paysans"},"content":{"rendered":"\n<p>La transformation de la farine en pain \u00e0 la ferme permet au cultivateur de g\u00e9n\u00e9rer une forte valeur ajout\u00e9e \u00e0 sa production et de se diversifier en proposant un produit alimentaire de base de haute qualit\u00e9, ce \u00e0 un prix abordable. De nombreux porteurs de projet et de producteurs en agro\u00e9cologie paysanne s\u2019orientent ainsi vers la s\u00e9lection, la culture et la transformation de bl\u00e9s paysans&nbsp;en farine et\/ou en pain. Dans les 20 derni\u00e8res ann\u00e9es, le renouveau des vari\u00e9t\u00e9s paysannes de c\u00e9r\u00e9ales \u00e0 paille est d\u2019ailleurs intimement li\u00e9 \u00e0 l\u2019\u00e9mergence des paysans-boulangers qui ma\u00eetrisent un cycle de production allant du \u00ab&nbsp;grain au pain&nbsp;\u00bb.<\/p>\n\n\n\n<div data-wp-interactive=\"core\/file\" class=\"wp-block-file\"><object data-wp-bind--hidden=\"!state.hasPdfPreview\" hidden class=\"wp-block-file__embed\" data=\"https:\/\/collectif-metis.org\/wp-content\/uploads\/2024\/01\/Article-pedagogie-panif-v.finale.pdf\" type=\"application\/pdf\" style=\"width:100%;height:600px\" aria-label=\"Contenu embarqu\u00e9 Article-pedagogie-panif-v.finale.\"><\/object><a id=\"wp-block-file--media-96814bcc-a5bc-4935-837d-ffd4553ac2c5\" href=\"https:\/\/collectif-metis.org\/wp-content\/uploads\/2024\/01\/Article-pedagogie-panif-v.finale.pdf\" target=\"_blank\" rel=\"noreferrer noopener\">Article-pedagogie-panif-v.finale<\/a><a href=\"https:\/\/collectif-metis.org\/wp-content\/uploads\/2024\/01\/Article-pedagogie-panif-v.finale.pdf\" class=\"wp-block-file__button wp-element-button\" download aria-describedby=\"wp-block-file--media-96814bcc-a5bc-4935-837d-ffd4553ac2c5\">T\u00e9l\u00e9charger<\/a><\/div>\n","protected":false},"excerpt":{"rendered":"<p>La transformation de la farine en pain \u00e0 la ferme permet au cultivateur de g\u00e9n\u00e9rer une forte valeur ajout\u00e9e \u00e0 sa production et de se diversifier en proposant un produit alimentaire de base de haute qualit\u00e9, ce \u00e0 un prix abordable. De nombreux porteurs de projet et de producteurs en [&hellip;]<\/p>\n","protected":false},"author":1,"featured_media":0,"comment_status":"open","ping_status":"open","sticky":false,"template":"","format":"standard","meta":{"footnotes":""},"categories":[14],"tags":[],"class_list":["post-511","post","type-post","status-publish","format-standard","hentry","category-technique"],"_links":{"self":[{"href":"https:\/\/collectif-metis.org\/index.php\/wp-json\/wp\/v2\/posts\/511","targetHints":{"allow":["GET"]}}],"collection":[{"href":"https:\/\/collectif-metis.org\/index.php\/wp-json\/wp\/v2\/posts"}],"about":[{"href":"https:\/\/collectif-metis.org\/index.php\/wp-json\/wp\/v2\/types\/post"}],"author":[{"embeddable":true,"href":"https:\/\/collectif-metis.org\/index.php\/wp-json\/wp\/v2\/users\/1"}],"replies":[{"embeddable":true,"href":"https:\/\/collectif-metis.org\/index.php\/wp-json\/wp\/v2\/comments?post=511"}],"version-history":[{"count":4,"href":"https:\/\/collectif-metis.org\/index.php\/wp-json\/wp\/v2\/posts\/511\/revisions"}],"predecessor-version":[{"id":653,"href":"https:\/\/collectif-metis.org\/index.php\/wp-json\/wp\/v2\/posts\/511\/revisions\/653"}],"wp:attachment":[{"href":"https:\/\/collectif-metis.org\/index.php\/wp-json\/wp\/v2\/media?parent=511"}],"wp:term":[{"taxonomy":"category","embeddable":true,"href":"https:\/\/collectif-metis.org\/index.php\/wp-json\/wp\/v2\/categories?post=511"},{"taxonomy":"post_tag","embeddable":true,"href":"https:\/\/collectif-metis.org\/index.php\/wp-json\/wp\/v2\/tags?post=511"}],"curies":[{"name":"wp","href":"https:\/\/api.w.org\/{rel}","templated":true}]}}