{"id":790,"date":"2024-09-03T16:21:23","date_gmt":"2024-09-03T14:21:23","guid":{"rendered":"https:\/\/collectif-metis.org\/?p=790"},"modified":"2025-03-22T22:04:05","modified_gmt":"2025-03-22T21:04:05","slug":"selection-mutualiste-des-bles-paysans-dans-un-reseau-de-ferme","status":"publish","type":"post","link":"https:\/\/collectif-metis.org\/index.php\/2024\/09\/03\/selection-mutualiste-des-bles-paysans-dans-un-reseau-de-ferme\/","title":{"rendered":"S\u00e9lection mutualiste des bl\u00e9s paysans dans un r\u00e9seau de ferme"},"content":{"rendered":"\n<p>La s\u00e9lection \u00e0 la ferme des bl\u00e9s paysans permet de gagner en autonomie et d&rsquo;am\u00e9liorer les populations cultiv\u00e9es sur certains crit\u00e8res. La journ\u00e9e organis\u00e9e le 5 juillet 2024 dernier a permis de pr\u00e9senter un \u00e9tat de l&rsquo;art des connaissances sur la s\u00e9lection massale et de s&rsquo;exercer pratiquement sur un protocole particulier se basant sur la confection multi-site de bouquets de s\u00e9lection. Compte rendu d\u00e9taill\u00e9 ci dessous \u00e0 t\u00e9l\u00e9charger.<\/p>\n\n\n\n<figure class=\"wp-block-image size-large is-resized\"><img loading=\"lazy\" decoding=\"async\" width=\"1024\" height=\"768\" src=\"https:\/\/collectif-metis.org\/wp-content\/uploads\/2024\/07\/IMG_1331_leger-1024x768.jpg\" alt=\"\" class=\"wp-image-752\" style=\"aspect-ratio:1;width:460px;height:auto\" srcset=\"https:\/\/collectif-metis.org\/wp-content\/uploads\/2024\/07\/IMG_1331_leger-1024x768.jpg 1024w, https:\/\/collectif-metis.org\/wp-content\/uploads\/2024\/07\/IMG_1331_leger-300x225.jpg 300w, https:\/\/collectif-metis.org\/wp-content\/uploads\/2024\/07\/IMG_1331_leger-768x576.jpg 768w, https:\/\/collectif-metis.org\/wp-content\/uploads\/2024\/07\/IMG_1331_leger.jpg 1500w\" sizes=\"auto, (max-width: 1024px) 100vw, 1024px\" \/><figcaption class=\"wp-element-caption\"><em>Bouquet de s\u00e9lection dans le m\u00e9lange M\u00e8tis<\/em><\/figcaption><\/figure>\n\n\n\n<div data-wp-interactive=\"core\/file\" class=\"wp-block-file\"><object data-wp-bind--hidden=\"!state.hasPdfPreview\" hidden class=\"wp-block-file__embed\" data=\"https:\/\/collectif-metis.org\/wp-content\/uploads\/2024\/09\/CR-technique-journee_5-juillet-2024-v.finale-3.pdf\" type=\"application\/pdf\" style=\"width:100%;height:600px\" aria-label=\"Contenu embarqu\u00e9 CR technique journ\u00e9e_5 juillet 2024 v.finale.\"><\/object><a id=\"wp-block-file--media-12c7cc39-0a5e-4442-8d02-b1d881a1829c\" href=\"https:\/\/collectif-metis.org\/wp-content\/uploads\/2024\/09\/CR-technique-journee_5-juillet-2024-v.finale-3.pdf\" target=\"_blank\" rel=\"noreferrer noopener\">CR technique journ\u00e9e_5 juillet 2024 v.finale<\/a><a href=\"https:\/\/collectif-metis.org\/wp-content\/uploads\/2024\/09\/CR-technique-journee_5-juillet-2024-v.finale-3.pdf\" class=\"wp-block-file__button wp-element-button\" download aria-describedby=\"wp-block-file--media-12c7cc39-0a5e-4442-8d02-b1d881a1829c\">T\u00e9l\u00e9charger<\/a><\/div>\n\n\n\n<p>Avec la soutien de :<\/p>\n\n\n\n<figure class=\"wp-block-image size-full is-resized\"><img loading=\"lazy\" decoding=\"async\" width=\"302\" height=\"167\" src=\"https:\/\/collectif-metis.org\/wp-content\/uploads\/2024\/12\/Patagonia.jpeg\" alt=\"\" class=\"wp-image-833\" style=\"width:270px;height:auto\" srcset=\"https:\/\/collectif-metis.org\/wp-content\/uploads\/2024\/12\/Patagonia.jpeg 302w, https:\/\/collectif-metis.org\/wp-content\/uploads\/2024\/12\/Patagonia-300x166.jpeg 300w\" sizes=\"auto, (max-width: 302px) 100vw, 302px\" \/><\/figure>\n\n\n\n<figure class=\"wp-block-image size-large is-resized\"><img loading=\"lazy\" decoding=\"async\" width=\"1024\" height=\"304\" src=\"https:\/\/collectif-metis.org\/wp-content\/uploads\/2025\/03\/FEADER_cofi-1024x304.jpg\" alt=\"\" class=\"wp-image-1113\" style=\"width:529px;height:auto\" srcset=\"https:\/\/collectif-metis.org\/wp-content\/uploads\/2025\/03\/FEADER_cofi-1024x304.jpg 1024w, https:\/\/collectif-metis.org\/wp-content\/uploads\/2025\/03\/FEADER_cofi-300x89.jpg 300w, https:\/\/collectif-metis.org\/wp-content\/uploads\/2025\/03\/FEADER_cofi-768x228.jpg 768w, https:\/\/collectif-metis.org\/wp-content\/uploads\/2025\/03\/FEADER_cofi.jpg 1393w\" sizes=\"auto, (max-width: 1024px) 100vw, 1024px\" \/><\/figure>\n","protected":false},"excerpt":{"rendered":"<p>La s\u00e9lection \u00e0 la ferme des bl\u00e9s paysans permet de gagner en autonomie et d&rsquo;am\u00e9liorer les populations cultiv\u00e9es sur certains crit\u00e8res. La journ\u00e9e organis\u00e9e le 5 juillet 2024 dernier a permis de pr\u00e9senter un \u00e9tat de l&rsquo;art des connaissances sur la s\u00e9lection massale et de s&rsquo;exercer pratiquement sur un protocole [&hellip;]<\/p>\n","protected":false},"author":1,"featured_media":739,"comment_status":"open","ping_status":"open","sticky":false,"template":"","format":"standard","meta":{"footnotes":""},"categories":[14],"tags":[17,8,16,15,6],"class_list":["post-790","post","type-post","status-publish","format-standard","has-post-thumbnail","hentry","category-technique","tag-autonomie","tag-bles-anciens","tag-bles-paysans","tag-recherche-participative","tag-semences-paysannes"],"_links":{"self":[{"href":"https:\/\/collectif-metis.org\/index.php\/wp-json\/wp\/v2\/posts\/790","targetHints":{"allow":["GET"]}}],"collection":[{"href":"https:\/\/collectif-metis.org\/index.php\/wp-json\/wp\/v2\/posts"}],"about":[{"href":"https:\/\/collectif-metis.org\/index.php\/wp-json\/wp\/v2\/types\/post"}],"author":[{"embeddable":true,"href":"https:\/\/collectif-metis.org\/index.php\/wp-json\/wp\/v2\/users\/1"}],"replies":[{"embeddable":true,"href":"https:\/\/collectif-metis.org\/index.php\/wp-json\/wp\/v2\/comments?post=790"}],"version-history":[{"count":5,"href":"https:\/\/collectif-metis.org\/index.php\/wp-json\/wp\/v2\/posts\/790\/revisions"}],"predecessor-version":[{"id":1132,"href":"https:\/\/collectif-metis.org\/index.php\/wp-json\/wp\/v2\/posts\/790\/revisions\/1132"}],"wp:featuredmedia":[{"embeddable":true,"href":"https:\/\/collectif-metis.org\/index.php\/wp-json\/wp\/v2\/media\/739"}],"wp:attachment":[{"href":"https:\/\/collectif-metis.org\/index.php\/wp-json\/wp\/v2\/media?parent=790"}],"wp:term":[{"taxonomy":"category","embeddable":true,"href":"https:\/\/collectif-metis.org\/index.php\/wp-json\/wp\/v2\/categories?post=790"},{"taxonomy":"post_tag","embeddable":true,"href":"https:\/\/collectif-metis.org\/index.php\/wp-json\/wp\/v2\/tags?post=790"}],"curies":[{"name":"wp","href":"https:\/\/api.w.org\/{rel}","templated":true}]}}